[{"@context":"https:\/\/schema.org\/","@type":"Article","@id":"https:\/\/www.ssap.cz\/pamatujete-na-nejkrasnejsi-den\/#Article","mainEntityOfPage":"https:\/\/www.ssap.cz\/pamatujete-na-nejkrasnejsi-den\/","headline":"Pamatujete na nejkr\u00e1sn\u011bj\u0161\u00ed den?","name":"Pamatujete na nejkr\u00e1sn\u011bj\u0161\u00ed den?","description":"Mo\u017en\u00e1 to byla va\u0161e prvn\u00ed kolob\u011b\u017eka, mo\u017en\u00e1 den, kdy jste \u00fasp\u011b\u0161n\u011b slo\u017eili maturitn\u00ed zkou\u0161ku, ale nakonec to mohl b\u00fdt i den, kdy v\u00e1s n\u011bkdo po\u017e\u00e1dal o ruku. Ur\u010dit\u011b si vzpom\u00edn\u00e1te na ten okam\u017eik vzru\u0161en\u00ed, kdy v\u00e1m ten mu\u017e va\u0161eho \u017eivota vyrazil dech [&hellip;]","datePublished":"2024-11-10","dateModified":"2024-11-10","author":{"@type":"Person","@id":"https:\/\/www.ssap.cz\/author\/#Person","name":"","url":"https:\/\/www.ssap.cz\/author\/","identifier":1,"image":{"@type":"ImageObject","@id":"https:\/\/secure.gravatar.com\/avatar\/82449f5dd313bdc88befc1a2d3138ce45c5e7d5eeee84221e3cf7fbc184b80d3?s=96&d=mm&r=g","url":"https:\/\/secure.gravatar.com\/avatar\/82449f5dd313bdc88befc1a2d3138ce45c5e7d5eeee84221e3cf7fbc184b80d3?s=96&d=mm&r=g","height":96,"width":96}},"publisher":{"@type":"Organization","name":"ssap.cz","logo":{"@type":"ImageObject","@id":"\/logo.png","url":"\/logo.png","width":600,"height":60}},"url":"https:\/\/www.ssap.cz\/pamatujete-na-nejkrasnejsi-den\/","wordCount":196,"articleBody":"Mo\u017en\u00e1 to byla va\u0161e prvn\u00ed kolob\u011b\u017eka, mo\u017en\u00e1 den, kdy jste \u00fasp\u011b\u0161n\u011b slo\u017eili maturitn\u00ed zkou\u0161ku, ale nakonec to mohl b\u00fdt i den, kdy v\u00e1s n\u011bkdo po\u017e\u00e1dal o ruku. Ur\u010dit\u011b si vzpom\u00edn\u00e1te na ten okam\u017eik vzru\u0161en\u00ed, kdy v\u00e1m ten mu\u017e va\u0161eho \u017eivota vyrazil dech a podal do ruky krabi\u010dku se z\u00e1snubn\u00edm prstenem. Najednou se v\u00e1m podlomili kolena, zalily slzy \u0161t\u011bst\u00ed a dodnes si ten pocit pamatujete. Va\u0161e ano, kter\u00e9 v\u00e1m z\u0159ejm\u011b zm\u011bnilo \u017eivot, a v\u011b\u0159\u00edme, \u017ee k lep\u0161\u00edmu.\tSlova jsou zbyte\u010dn\u00e9M\u00e1te r\u00e1dy vzru\u0161uj\u00edc\u00ed p\u0159ekvapen\u00ed? Milujete a pot\u0159ebujete, aby i v\u00e1m svoj\u00ed l\u00e1sku n\u011bkdo dok\u00e1zal? Co se stane, kdy\u017e v\u00e1m do ruky pod\u00e1 pr\u00e1v\u011b krabi\u010dku se z\u00e1snubn\u00edm prstenem? Moment \u0161oku, kter\u00fd jste mo\u017en\u00e1 i \u010dekaly, ale mo\u017en\u00e1 ani v\u016fbec ne. Mo\u017en\u00e1 budete pot\u0159ebovat \u010das na rozmy\u0161lenou, ale mo\u017en\u00e1 budete v\u011bd\u011bt hned, co chcete \u0159\u00edct. Chv\u00edle, kdy jsou nakonec slova zbyte\u010dn\u00e9.                                                                                                                                                                                                                                                                                                                                                                                        5\/5 - (1 vote)        "},{"@context":"https:\/\/schema.org\/","@type":"BreadcrumbList","itemListElement":[{"@type":"ListItem","position":1,"name":"Pamatujete na nejkr\u00e1sn\u011bj\u0161\u00ed den?","item":"https:\/\/www.ssap.cz\/pamatujete-na-nejkrasnejsi-den\/#breadcrumbitem"}]}]